{"id":60,"date":"2015-05-10T21:23:44","date_gmt":"2015-05-10T20:23:44","guid":{"rendered":"http:\/\/www.verts-vd.ch\/jeunesverts\/?p=60"},"modified":"2015-08-17T08:11:39","modified_gmt":"2015-08-17T07:11:39","slug":"votation-federale-du-14-juin-2015","status":"publish","type":"post","link":"https:\/\/www.verts-vd.ch\/jeunesverts\/2015\/05\/10\/votation-federale-du-14-juin-2015\/","title":{"rendered":"Votation f\u00e9d\u00e9rale du 14 juin 2015"},"content":{"rendered":"<div class=\"page\" title=\"Page 1\">\n<div class=\"layoutArea\">\n<div class=\"column\">\n<p>Le groupe des Jeunes Vert-e-s vaudois-e-s, suite \u00e0 leur derni\u00e8re assembl\u00e9e g\u00e9n\u00e9rale du 6 mai, recommande le OUI aux quatre objets de votations du 14 juin.<\/p>\n<h4><strong>OUI \u00e0 l&#8217;initiative sur les bourses d&#8217;\u00e9tudes<\/strong><\/h4>\n<p>Les Jeunes Vert-e-s vaudois-es ont \u00e9t\u00e9 tr\u00e8s actifs lors de la r\u00e9colte de signatures pour cette initiative, un soutien renouvel\u00e9 par l\u2019approbation unanime de cet objet lors de la prise de position. Cette initiative offrira un acc\u00e8s \u00e9quitable \u00e0 la formation pour tous, elle garantira la formation de la main- d\u2019\u0153uvre indig\u00e8ne voulue par les Suisses et permettra \u00e0 tous les \u00e9tudiants de pouvoir se consacrer enti\u00e8rement \u00e0 leurs \u00e9tudes, sans obligation d\u2019exercer une activit\u00e9 r\u00e9mun\u00e9r\u00e9e en parall\u00e8le. C\u2019est pourquoi nous vous recommandons vivement de soutenir cette initiative.<\/p>\n<h4>OUI \u00e0 la r\u00e9forme de la fiscalit\u00e9 successorale<\/h4>\n<p>Aujourd\u2019hui 2% de la population suisse poss\u00e8dent plus de richesse que les 98% restants. Nous ne pouvons accepter de telles in\u00e9galit\u00e9s, c\u2019est pourquoi un imp\u00f4t sur les h\u00e9ritages est indispensable afin de redistribuer la richesse. De plus une partie des revenus issus de cet imp\u00f4t servira \u00e0 financer l\u2019AVS qui a grandement besoin d\u2019\u00eatre renforc\u00e9e en pr\u00e9vision du vieillissement de la population. Soutenez cette initiative pour une Suisse plus juste et plus \u00e9quitable !<\/p>\n<h4>OUI au diagnostic pr\u00e9implantatoire<\/h4>\n<p>Si cette initiative passe, les avanc\u00e9es scientifiques pourraient permettre aujourd&#8217;hui \u00e0 des familles qui le d\u00e9sirent d&#8217;\u00e9viter des souffrances. Il faudra \u00eatre vigilant dans son application, mais pour laisser la libert\u00e9 de choix aux personnes concern\u00e9es, votez OUI le 14 juin.<\/p>\n<h4>OUI \u00e0 la r\u00e9vision de la loi sur la radio et la t\u00e9l\u00e9vision<\/h4>\n<p>Pour \u00e9viter de la bureaucratie co\u00fbteuse qui ne r\u00e9pond plus \u00e0 la situation actuelle, pour diminuer les redevances \u00e0 payer par les m\u00e9nages et pour garantir la diversit\u00e9 et l\u2019ind\u00e9pendance des m\u00e9dias, nous vous recommandons l\u00e0 aussi de soutenir cet objet.<\/p>\n<\/div>\n<\/div>\n<\/div>\n<!-- AddThis Advanced Settings generic via filter on the_content --><!-- AddThis Share Buttons generic via filter on the_content -->","protected":false},"excerpt":{"rendered":"<p>Le groupe des Jeunes Vert-e-s vaudois-e-s, suite \u00e0 leur derni\u00e8re assembl\u00e9e g\u00e9n\u00e9rale du 6 mai, recommande le OUI aux quatre objets de votations du 14 juin. OUI \u00e0 l&#8217;initiative sur les bourses d&#8217;\u00e9tudes Les Jeunes Vert-e-s vaudois-es ont \u00e9t\u00e9 tr\u00e8s actifs lors de la r\u00e9colte de signatures pour cette initiative, un soutien renouvel\u00e9 par l\u2019approbation &hellip; <a href=\"https:\/\/www.verts-vd.ch\/jeunesverts\/2015\/05\/10\/votation-federale-du-14-juin-2015\/\" class=\"more-link\">La suite <span class=\"meta-nav\">&rarr;<\/span><\/a><!-- AddThis Advanced Settings generic via filter on wp_trim_excerpt --><!-- AddThis Share Buttons generic via filter on wp_trim_excerpt --><\/p>\n","protected":false},"author":101,"featured_media":77,"comment_status":"open","ping_status":"open","sticky":false,"template":"","format":"standard","meta":{"spay_email":"","jetpack_publicize_message":"","jetpack_is_tweetstorm":false},"categories":[1],"tags":[],"jetpack_featured_media_url":"https:\/\/www.verts-vd.ch\/jeunesverts\/files\/2015\/02\/votations.jpg","jetpack_publicize_connections":[],"yoast_head":"<!-- This site is optimized with the Yoast SEO plugin v15.5 - https:\/\/yoast.com\/wordpress\/plugins\/seo\/ -->\n<meta name=\"robots\" content=\"index, follow, max-snippet:-1, max-image-preview:large, max-video-preview:-1\" \/>\n<link rel=\"canonical\" href=\"http:\/\/www.verts-vd.ch\/jeunesverts\/2015\/05\/10\/votation-federale-du-14-juin-2015\/\" \/>\n<meta property=\"og:locale\" content=\"fr_FR\" \/>\n<meta property=\"og:type\" content=\"article\" \/>\n<meta property=\"og:title\" content=\"Votation f\u00e9d\u00e9rale du 14 juin 2015 - Jeunes Vert\u00b7e\u00b7s Vaudois\u00b7e\u00b7s\" \/>\n<meta property=\"og:description\" content=\"Le groupe des Jeunes Vert-e-s vaudois-e-s, suite \u00e0 leur derni\u00e8re assembl\u00e9e g\u00e9n\u00e9rale du 6 mai, recommande le OUI aux quatre objets de votations du 14 juin. OUI \u00e0 l&#8217;initiative sur les bourses d&#8217;\u00e9tudes Les Jeunes Vert-e-s vaudois-es ont \u00e9t\u00e9 tr\u00e8s actifs lors de la r\u00e9colte de signatures pour cette initiative, un soutien renouvel\u00e9 par l\u2019approbation &hellip; La suite &rarr;\" \/>\n<meta property=\"og:url\" content=\"http:\/\/www.verts-vd.ch\/jeunesverts\/2015\/05\/10\/votation-federale-du-14-juin-2015\/\" \/>\n<meta property=\"og:site_name\" content=\"Jeunes Vert\u00b7e\u00b7s Vaudois\u00b7e\u00b7s\" \/>\n<meta property=\"article:published_time\" content=\"2015-05-10T20:23:44+00:00\" \/>\n<meta property=\"article:modified_time\" content=\"2015-08-17T07:11:39+00:00\" \/>\n<meta property=\"og:image\" content=\"https:\/\/www.verts-vd.ch\/jeunesverts\/files\/2015\/02\/votations.jpg\" \/>\n\t<meta property=\"og:image:width\" content=\"720\" \/>\n\t<meta property=\"og:image:height\" content=\"384\" \/>\n<meta name=\"twitter:card\" content=\"summary_large_image\" \/>\n<meta name=\"twitter:label1\" content=\"Dur\u00e9e de lecture est.\">\n\t<meta name=\"twitter:data1\" content=\"1 minute\">\n<script type=\"application\/ld+json\" class=\"yoast-schema-graph\">{\"@context\":\"https:\/\/schema.org\",\"@graph\":[{\"@type\":\"WebSite\",\"@id\":\"http:\/\/www.verts-vd.ch\/jeunesverts\/#website\",\"url\":\"http:\/\/www.verts-vd.ch\/jeunesverts\/\",\"name\":\"Jeunes Vert\\u00b7e\\u00b7s Vaudois\\u00b7e\\u00b7s\",\"description\":\"\",\"potentialAction\":[{\"@type\":\"SearchAction\",\"target\":\"http:\/\/www.verts-vd.ch\/jeunesverts\/?s={search_term_string}\",\"query-input\":\"required name=search_term_string\"}],\"inLanguage\":\"fr-FR\"},{\"@type\":\"ImageObject\",\"@id\":\"http:\/\/www.verts-vd.ch\/jeunesverts\/2015\/05\/10\/votation-federale-du-14-juin-2015\/#primaryimage\",\"inLanguage\":\"fr-FR\",\"url\":\"https:\/\/www.verts-vd.ch\/jeunesverts\/files\/2015\/02\/votations.jpg\",\"width\":720,\"height\":384},{\"@type\":\"WebPage\",\"@id\":\"http:\/\/www.verts-vd.ch\/jeunesverts\/2015\/05\/10\/votation-federale-du-14-juin-2015\/#webpage\",\"url\":\"http:\/\/www.verts-vd.ch\/jeunesverts\/2015\/05\/10\/votation-federale-du-14-juin-2015\/\",\"name\":\"Votation f\\u00e9d\\u00e9rale du 14 juin 2015 - Jeunes Vert\\u00b7e\\u00b7s Vaudois\\u00b7e\\u00b7s\",\"isPartOf\":{\"@id\":\"http:\/\/www.verts-vd.ch\/jeunesverts\/#website\"},\"primaryImageOfPage\":{\"@id\":\"http:\/\/www.verts-vd.ch\/jeunesverts\/2015\/05\/10\/votation-federale-du-14-juin-2015\/#primaryimage\"},\"datePublished\":\"2015-05-10T20:23:44+00:00\",\"dateModified\":\"2015-08-17T07:11:39+00:00\",\"author\":{\"@id\":\"http:\/\/www.verts-vd.ch\/jeunesverts\/#\/schema\/person\/142c522d8264e90122b847e3882904da\"},\"inLanguage\":\"fr-FR\",\"potentialAction\":[{\"@type\":\"ReadAction\",\"target\":[\"http:\/\/www.verts-vd.ch\/jeunesverts\/2015\/05\/10\/votation-federale-du-14-juin-2015\/\"]}]},{\"@type\":\"Person\",\"@id\":\"http:\/\/www.verts-vd.ch\/jeunesverts\/#\/schema\/person\/142c522d8264e90122b847e3882904da\",\"name\":\"Jeunes Vert\\u00b7e\\u00b7s Vaudois\\u00b7e\\u00b7s\",\"image\":{\"@type\":\"ImageObject\",\"@id\":\"http:\/\/www.verts-vd.ch\/jeunesverts\/#personlogo\",\"inLanguage\":\"fr-FR\",\"url\":\"https:\/\/secure.gravatar.com\/avatar\/347d000d221368a606b616a06af7396f?s=96&d=mm&r=g\",\"caption\":\"Jeunes Vert\\u00b7e\\u00b7s Vaudois\\u00b7e\\u00b7s\"}}]}<\/script>\n<!-- \/ Yoast SEO plugin. -->","jetpack_shortlink":"https:\/\/wp.me\/p6KFv1-Y","_links":{"self":[{"href":"https:\/\/www.verts-vd.ch\/jeunesverts\/wp-json\/wp\/v2\/posts\/60"}],"collection":[{"href":"https:\/\/www.verts-vd.ch\/jeunesverts\/wp-json\/wp\/v2\/posts"}],"about":[{"href":"https:\/\/www.verts-vd.ch\/jeunesverts\/wp-json\/wp\/v2\/types\/post"}],"author":[{"embeddable":true,"href":"https:\/\/www.verts-vd.ch\/jeunesverts\/wp-json\/wp\/v2\/users\/101"}],"replies":[{"embeddable":true,"href":"https:\/\/www.verts-vd.ch\/jeunesverts\/wp-json\/wp\/v2\/comments?post=60"}],"version-history":[{"count":1,"href":"https:\/\/www.verts-vd.ch\/jeunesverts\/wp-json\/wp\/v2\/posts\/60\/revisions"}],"predecessor-version":[{"id":61,"href":"https:\/\/www.verts-vd.ch\/jeunesverts\/wp-json\/wp\/v2\/posts\/60\/revisions\/61"}],"wp:featuredmedia":[{"embeddable":true,"href":"https:\/\/www.verts-vd.ch\/jeunesverts\/wp-json\/wp\/v2\/media\/77"}],"wp:attachment":[{"href":"https:\/\/www.verts-vd.ch\/jeunesverts\/wp-json\/wp\/v2\/media?parent=60"}],"wp:term":[{"taxonomy":"category","embeddable":true,"href":"https:\/\/www.verts-vd.ch\/jeunesverts\/wp-json\/wp\/v2\/categories?post=60"},{"taxonomy":"post_tag","embeddable":true,"href":"https:\/\/www.verts-vd.ch\/jeunesverts\/wp-json\/wp\/v2\/tags?post=60"}],"curies":[{"name":"wp","href":"https:\/\/api.w.org\/{rel}","templated":true}]}}