{"id":58,"date":"2015-04-15T21:17:01","date_gmt":"2015-04-15T20:17:01","guid":{"rendered":"http:\/\/www.verts-vd.ch\/jeunesverts\/?p=58"},"modified":"2015-06-28T09:05:29","modified_gmt":"2015-06-28T08:05:29","slug":"les-jeunes-vert-e-s-vaudois-e-s-presentent-leur-liste-pour-le-conseil-national","status":"publish","type":"post","link":"https:\/\/www.verts-vd.ch\/jeunesverts\/2015\/04\/15\/les-jeunes-vert-e-s-vaudois-e-s-presentent-leur-liste-pour-le-conseil-national\/","title":{"rendered":"Les Jeunes Vert-e-s Vaudois-e-s pr\u00e9sentent leur liste pour le Conseil national"},"content":{"rendered":"<div class=\"page\" title=\"Page 1\">\n<div class=\"layoutArea\">\n<div class=\"column\">\n<p>Apr\u00e8s avoir pr\u00e9sent\u00e9 pour la premi\u00e8re fois une liste au Conseil national en 2011, les Jeunes Vert-e-s Vaudois-e-s renouvellent l\u2019exp\u00e9rience cette ann\u00e9e pour les \u00e9lections f\u00e9d\u00e9rales.<\/p>\n<p>La liste est compos\u00e9e de jeunes femmes et jeunes hommes provenant de sept districts vaudois sur dix. Avec dynamisme et enthousiasme, ces candidat-e-s s\u2019engagent pour les th\u00e8mes suivants :<\/p>\n<ul>\n<li>La d\u00e9fense des stagiaires et l\u2019acc\u00e8s au premier emploi en prolongation avec la p\u00e9tition d\u00e9pos\u00e9e au Grand conseil vaudois en f\u00e9vrier 2015.<\/li>\n<li>L\u2019am\u00e9nagement durable du territoire notamment avec leur initiative populaire f\u00e9d\u00e9rale.<\/li>\n<li>La d\u00e9fense du droit d\u2019asile et la solidarit\u00e9 internationale.<\/li>\n<\/ul>\n<p>Nos candidat-e-s :<\/p>\n<\/div>\n<\/div>\n<\/div>\n<ul>\n<li>Lore Rinsoz<\/li>\n<li><a href=\"http:\/\/www.verts-vd.ch\/membres\/ysegh\/\">Younes Seghrouchni<\/a><\/li>\n<li><a href=\"http:\/\/www.verts-vd.ch\/membres\/alicegenoud\/\">Alice Genoud<\/a><\/li>\n<li><a href=\"http:\/\/www.verts-vd.ch\/membres\/pajaquet\/\">Pierre-Alain Jaquet<\/a><\/li>\n<li>\ufffcRebecca Joly<\/li>\n<li><a href=\"http:\/\/www.verts-vd.ch\/membres\/davidraedler\/\">\ufffcDavid Raedler<\/a><\/li>\n<li><a href=\"http:\/\/www.verts-vd.ch\/membres\/pjueni\/\">\ufffcPamela Jueni<\/a><\/li>\n<li><a href=\"http:\/\/www.verts-vd.ch\/membres\/ymaury\/\">Yannick Maury<\/a><\/li>\n<li>Anna Zangger<\/li>\n<li><a href=\"http:\/\/www.verts-vd.ch\/membres\/ipanchard\/\">Ilias Panchard<\/a><\/li>\n<li><a href=\"http:\/\/www.verts-vd.ch\/membres\/annelaurebotteron\/\">\ufffcAnne-Laure Botteron<\/a><\/li>\n<li><a href=\"http:\/\/www.verts-vd.ch\/membres\/danken\/\">\ufffcDaniel Anken<\/a><\/li>\n<li><a href=\"http:\/\/www.verts-vd.ch\/membres\/mrussbach\/\">Magali Russbach<\/a><\/li>\n<li>Lionel Bileci<\/li>\n<li><a href=\"http:\/\/www.verts-vd.ch\/membres\/ssoto\/\">Sara Soto<\/a><\/li>\n<li>Florent Michaud\ufffc<\/li>\n<li>Chlo\u00e9 Gutknecht<\/li>\n<li>Yara Barrense-Dias<\/li>\n<\/ul>\n<!-- AddThis Advanced Settings generic via filter on the_content --><!-- AddThis Share Buttons generic via filter on the_content -->","protected":false},"excerpt":{"rendered":"<p>Apr\u00e8s avoir pr\u00e9sent\u00e9 pour la premi\u00e8re fois une liste au Conseil national en 2011, les Jeunes Vert-e-s Vaudois-e-s renouvellent l\u2019exp\u00e9rience cette ann\u00e9e pour les \u00e9lections f\u00e9d\u00e9rales. La liste est compos\u00e9e de jeunes femmes et jeunes hommes provenant de sept districts vaudois sur dix. Avec dynamisme et enthousiasme, ces candidat-e-s s\u2019engagent pour les th\u00e8mes suivants : &hellip; <a href=\"https:\/\/www.verts-vd.ch\/jeunesverts\/2015\/04\/15\/les-jeunes-vert-e-s-vaudois-e-s-presentent-leur-liste-pour-le-conseil-national\/\" class=\"more-link\">La suite <span class=\"meta-nav\">&rarr;<\/span><\/a><!-- AddThis Advanced Settings generic via filter on wp_trim_excerpt --><!-- AddThis Share Buttons generic via filter on wp_trim_excerpt --><\/p>\n","protected":false},"author":5,"featured_media":66,"comment_status":"open","ping_status":"open","sticky":false,"template":"","format":"standard","meta":{"spay_email":"","jetpack_publicize_message":"","jetpack_is_tweetstorm":false},"categories":[1],"tags":[],"jetpack_featured_media_url":"https:\/\/www.verts-vd.ch\/jeunesverts\/files\/2015\/04\/conseil_national-1024x280-3-e1435437445880.jpg","jetpack_publicize_connections":[],"yoast_head":"<!-- This site is optimized with the Yoast SEO plugin v15.5 - https:\/\/yoast.com\/wordpress\/plugins\/seo\/ -->\n<meta name=\"robots\" content=\"index, follow, max-snippet:-1, max-image-preview:large, max-video-preview:-1\" \/>\n<link rel=\"canonical\" href=\"https:\/\/www.verts-vd.ch\/jeunesverts\/2015\/04\/15\/les-jeunes-vert-e-s-vaudois-e-s-presentent-leur-liste-pour-le-conseil-national\/\" \/>\n<meta property=\"og:locale\" content=\"fr_FR\" \/>\n<meta property=\"og:type\" content=\"article\" \/>\n<meta property=\"og:title\" content=\"Les Jeunes Vert-e-s Vaudois-e-s pr\u00e9sentent leur liste pour le Conseil national - Jeunes Vert\u00b7e\u00b7s Vaudois\u00b7e\u00b7s\" \/>\n<meta property=\"og:description\" content=\"Apr\u00e8s avoir pr\u00e9sent\u00e9 pour la premi\u00e8re fois une liste au Conseil national en 2011, les Jeunes Vert-e-s Vaudois-e-s renouvellent l\u2019exp\u00e9rience cette ann\u00e9e pour les \u00e9lections f\u00e9d\u00e9rales. La liste est compos\u00e9e de jeunes femmes et jeunes hommes provenant de sept districts vaudois sur dix. Avec dynamisme et enthousiasme, ces candidat-e-s s\u2019engagent pour les th\u00e8mes suivants : &hellip; La suite &rarr;\" \/>\n<meta property=\"og:url\" content=\"https:\/\/www.verts-vd.ch\/jeunesverts\/2015\/04\/15\/les-jeunes-vert-e-s-vaudois-e-s-presentent-leur-liste-pour-le-conseil-national\/\" \/>\n<meta property=\"og:site_name\" content=\"Jeunes Vert\u00b7e\u00b7s Vaudois\u00b7e\u00b7s\" \/>\n<meta property=\"article:published_time\" content=\"2015-04-15T20:17:01+00:00\" \/>\n<meta property=\"article:modified_time\" content=\"2015-06-28T08:05:29+00:00\" \/>\n<meta property=\"og:image\" content=\"https:\/\/www.verts-vd.ch\/jeunesverts\/files\/2015\/04\/conseil_national-1024x280-3-e1435437445880.jpg\" \/>\n\t<meta property=\"og:image:width\" content=\"719\" \/>\n\t<meta property=\"og:image:height\" content=\"279\" \/>\n<meta name=\"twitter:card\" content=\"summary_large_image\" \/>\n<meta name=\"twitter:label1\" content=\"Dur\u00e9e de lecture est.\">\n\t<meta name=\"twitter:data1\" content=\"1 minute\">\n<script type=\"application\/ld+json\" class=\"yoast-schema-graph\">{\"@context\":\"https:\/\/schema.org\",\"@graph\":[{\"@type\":\"WebSite\",\"@id\":\"http:\/\/www.verts-vd.ch\/jeunesverts\/#website\",\"url\":\"http:\/\/www.verts-vd.ch\/jeunesverts\/\",\"name\":\"Jeunes Vert\\u00b7e\\u00b7s Vaudois\\u00b7e\\u00b7s\",\"description\":\"\",\"potentialAction\":[{\"@type\":\"SearchAction\",\"target\":\"http:\/\/www.verts-vd.ch\/jeunesverts\/?s={search_term_string}\",\"query-input\":\"required name=search_term_string\"}],\"inLanguage\":\"fr-FR\"},{\"@type\":\"ImageObject\",\"@id\":\"https:\/\/www.verts-vd.ch\/jeunesverts\/2015\/04\/15\/les-jeunes-vert-e-s-vaudois-e-s-presentent-leur-liste-pour-le-conseil-national\/#primaryimage\",\"inLanguage\":\"fr-FR\",\"url\":\"https:\/\/www.verts-vd.ch\/jeunesverts\/files\/2015\/04\/conseil_national-1024x280-3-e1435437445880.jpg\",\"width\":719,\"height\":279,\"caption\":\"Switzerland, Bern, 09.03.2011 Fr\\u00fchlingssession. \\u00a9 2011 B\\u00e9atrice Dev\\u00e8nes\"},{\"@type\":\"WebPage\",\"@id\":\"https:\/\/www.verts-vd.ch\/jeunesverts\/2015\/04\/15\/les-jeunes-vert-e-s-vaudois-e-s-presentent-leur-liste-pour-le-conseil-national\/#webpage\",\"url\":\"https:\/\/www.verts-vd.ch\/jeunesverts\/2015\/04\/15\/les-jeunes-vert-e-s-vaudois-e-s-presentent-leur-liste-pour-le-conseil-national\/\",\"name\":\"Les Jeunes Vert-e-s Vaudois-e-s pr\\u00e9sentent leur liste pour le Conseil national - Jeunes Vert\\u00b7e\\u00b7s Vaudois\\u00b7e\\u00b7s\",\"isPartOf\":{\"@id\":\"http:\/\/www.verts-vd.ch\/jeunesverts\/#website\"},\"primaryImageOfPage\":{\"@id\":\"https:\/\/www.verts-vd.ch\/jeunesverts\/2015\/04\/15\/les-jeunes-vert-e-s-vaudois-e-s-presentent-leur-liste-pour-le-conseil-national\/#primaryimage\"},\"datePublished\":\"2015-04-15T20:17:01+00:00\",\"dateModified\":\"2015-06-28T08:05:29+00:00\",\"author\":{\"@id\":\"http:\/\/www.verts-vd.ch\/jeunesverts\/#\/schema\/person\/d35201a831f1ed6fe4db156422f1ffe3\"},\"inLanguage\":\"fr-FR\",\"potentialAction\":[{\"@type\":\"ReadAction\",\"target\":[\"https:\/\/www.verts-vd.ch\/jeunesverts\/2015\/04\/15\/les-jeunes-vert-e-s-vaudois-e-s-presentent-leur-liste-pour-le-conseil-national\/\"]}]},{\"@type\":\"Person\",\"@id\":\"http:\/\/www.verts-vd.ch\/jeunesverts\/#\/schema\/person\/d35201a831f1ed6fe4db156422f1ffe3\",\"name\":\"Pierre-Alain Jaquet\",\"image\":{\"@type\":\"ImageObject\",\"@id\":\"http:\/\/www.verts-vd.ch\/jeunesverts\/#personlogo\",\"inLanguage\":\"fr-FR\",\"url\":\"https:\/\/secure.gravatar.com\/avatar\/9d762a4eed6dc75b4e984264820d010d?s=96&d=mm&r=g\",\"caption\":\"Pierre-Alain Jaquet\"}}]}<\/script>\n<!-- \/ Yoast SEO plugin. -->","jetpack_shortlink":"https:\/\/wp.me\/p6KFv1-W","_links":{"self":[{"href":"https:\/\/www.verts-vd.ch\/jeunesverts\/wp-json\/wp\/v2\/posts\/58"}],"collection":[{"href":"https:\/\/www.verts-vd.ch\/jeunesverts\/wp-json\/wp\/v2\/posts"}],"about":[{"href":"https:\/\/www.verts-vd.ch\/jeunesverts\/wp-json\/wp\/v2\/types\/post"}],"author":[{"embeddable":true,"href":"https:\/\/www.verts-vd.ch\/jeunesverts\/wp-json\/wp\/v2\/users\/5"}],"replies":[{"embeddable":true,"href":"https:\/\/www.verts-vd.ch\/jeunesverts\/wp-json\/wp\/v2\/comments?post=58"}],"version-history":[{"count":3,"href":"https:\/\/www.verts-vd.ch\/jeunesverts\/wp-json\/wp\/v2\/posts\/58\/revisions"}],"predecessor-version":[{"id":88,"href":"https:\/\/www.verts-vd.ch\/jeunesverts\/wp-json\/wp\/v2\/posts\/58\/revisions\/88"}],"wp:featuredmedia":[{"embeddable":true,"href":"https:\/\/www.verts-vd.ch\/jeunesverts\/wp-json\/wp\/v2\/media\/66"}],"wp:attachment":[{"href":"https:\/\/www.verts-vd.ch\/jeunesverts\/wp-json\/wp\/v2\/media?parent=58"}],"wp:term":[{"taxonomy":"category","embeddable":true,"href":"https:\/\/www.verts-vd.ch\/jeunesverts\/wp-json\/wp\/v2\/categories?post=58"},{"taxonomy":"post_tag","embeddable":true,"href":"https:\/\/www.verts-vd.ch\/jeunesverts\/wp-json\/wp\/v2\/tags?post=58"}],"curies":[{"name":"wp","href":"https:\/\/api.w.org\/{rel}","templated":true}]}}