{"id":143,"date":"2015-08-20T09:00:22","date_gmt":"2015-08-20T08:00:22","guid":{"rendered":"http:\/\/www.verts-vd.ch\/jeunesverts\/?p=143"},"modified":"2015-08-20T11:14:18","modified_gmt":"2015-08-20T10:14:18","slug":"moins-de-coups-de-gueule-et-plus-de-travail-de-fond","status":"publish","type":"post","link":"https:\/\/www.verts-vd.ch\/jeunesverts\/2015\/08\/20\/moins-de-coups-de-gueule-et-plus-de-travail-de-fond\/","title":{"rendered":"Moins de coups de gueule et plus de travail de fond&#8230;"},"content":{"rendered":"<p>Le cas de David, stagiaire \u00e0 l&#8217;UNOG, qui faute de r\u00e9mun\u00e9ration, dort dans une tente et vit dans des\u00a0conditions pr\u00e9caires, secoue les m\u00e9dias depuis quelques jours. Le porte-parole de la Jeunesse\u00a0socialiste vaudoise, Julien Rilliet, affirme, dans l&#8217;\u00e9dition du 24 heures du 13 ao\u00fbt qu&#8217;il n&#8217;y a &#8220;pas un\u00a0mot sur les stagiaires dans les programmes des partis&#8221;. Ce n&#8217;est pas le cas; cette information est\u00a0fausse!<\/p>\n<p>Les Jeunes Vert-e-s vaudois-e-s se soucient des stagiaires. L&#8217;ann\u00e9e pass\u00e9e, nous avons lanc\u00e9 <a href=\"http:\/\/www.verts-vd.ch\/jeunesverts\/2014\/06\/04\/les-jeunes-vert-e-s-vaudois-e-s-lancent-leur-petition-pour-une-remuneration-decente-des-stages\/\">une\u00a0p\u00e9tition &#8220;Pour une r\u00e9mun\u00e9ration d\u00e9cente des stages&#8221;<\/a>. Celle-ci exige que les stages d\u00e9passant cinq\u00a0semaines soient r\u00e9mun\u00e9r\u00e9s et que les frais de repas soient \u00e9galement pris en charge. De plus, nous\u00a0demandons l&#8217;\u00e9laboration d&#8217;une l\u00e9gislation sur le contrat de stage. La r\u00e9colte de signatures et son\u00a0d\u00e9p\u00f4t au Grand Conseil ont \u00e9t\u00e9 relay\u00e9s par les m\u00e9dias. Fait rare, la p\u00e9tition a re\u00e7u un vote favorable\u00a0de prise en consid\u00e9ration par la commission th\u00e9matique des p\u00e9titions du Grand Conseil. Les Jeunes\u00a0Vert-e-s vaudois-e-s sont donc pr\u00e9occup\u00e9-e-s par les conditions de stage.<\/p>\n<p>Au coup de gueule m\u00e9diatique, nous pr\u00e9f\u00e9rons le r\u00e9sultat politique. Il me semble important, d&#8217;autant\u00a0plus en p\u00e9riode \u00e9lectorale, que les responsables politiques privil\u00e9gient les propositions aux critiques.<\/p>\n<p>Nous le devons \u00e0 nos concitoyens et c&#8217;est le choix des Jeunes Vert-e-s vaudois-e-s. Moins de coups de\u00a0gueule et plus de travail de fond!<\/p>\n<p><a href=\"http:\/\/www.verts-vd.ch\/membres\/tjara\/\">Tomas Jara Schoch<\/a>, vice-pr\u00e9sident des Jeunes Vert-e-s vaudois-e-s, Chavannes<\/p>\n<!-- AddThis Advanced Settings generic via filter on the_content --><!-- AddThis Share Buttons generic via filter on the_content -->","protected":false},"excerpt":{"rendered":"<p>Le cas de David, stagiaire \u00e0 l&#8217;UNOG, qui faute de r\u00e9mun\u00e9ration, dort dans une tente et vit dans des\u00a0conditions pr\u00e9caires, secoue les m\u00e9dias depuis quelques jours. Le porte-parole de la Jeunesse\u00a0socialiste vaudoise, Julien Rilliet, affirme, dans l&#8217;\u00e9dition du 24 heures du 13 ao\u00fbt qu&#8217;il n&#8217;y a &#8220;pas un\u00a0mot sur les stagiaires dans les programmes des &hellip; <a href=\"https:\/\/www.verts-vd.ch\/jeunesverts\/2015\/08\/20\/moins-de-coups-de-gueule-et-plus-de-travail-de-fond\/\" class=\"more-link\">La suite <span class=\"meta-nav\">&rarr;<\/span><\/a><!-- AddThis Advanced Settings generic via filter on wp_trim_excerpt --><!-- AddThis Share Buttons generic via filter on wp_trim_excerpt --><\/p>\n","protected":false},"author":90,"featured_media":146,"comment_status":"open","ping_status":"open","sticky":false,"template":"","format":"standard","meta":{"spay_email":"","jetpack_publicize_message":"","jetpack_is_tweetstorm":false},"categories":[4],"tags":[12,11,7,5,10,6,9,8],"jetpack_featured_media_url":"https:\/\/www.verts-vd.ch\/jeunesverts\/files\/2015\/08\/stages_pay_your_interns.jpg","jetpack_publicize_connections":[],"yoast_head":"<!-- This site is optimized with the Yoast SEO plugin v15.5 - https:\/\/yoast.com\/wordpress\/plugins\/seo\/ -->\n<meta name=\"robots\" content=\"index, follow, max-snippet:-1, max-image-preview:large, max-video-preview:-1\" \/>\n<link rel=\"canonical\" href=\"http:\/\/www.verts-vd.ch\/jeunesverts\/2015\/08\/20\/moins-de-coups-de-gueule-et-plus-de-travail-de-fond\/\" \/>\n<meta property=\"og:locale\" content=\"fr_FR\" \/>\n<meta property=\"og:type\" content=\"article\" \/>\n<meta property=\"og:title\" content=\"Moins de coups de gueule et plus de travail de fond... - Jeunes Vert\u00b7e\u00b7s Vaudois\u00b7e\u00b7s\" \/>\n<meta property=\"og:description\" content=\"Le cas de David, stagiaire \u00e0 l&#8217;UNOG, qui faute de r\u00e9mun\u00e9ration, dort dans une tente et vit dans des\u00a0conditions pr\u00e9caires, secoue les m\u00e9dias depuis quelques jours. Le porte-parole de la Jeunesse\u00a0socialiste vaudoise, Julien Rilliet, affirme, dans l&#8217;\u00e9dition du 24 heures du 13 ao\u00fbt qu&#8217;il n&#8217;y a &#8220;pas un\u00a0mot sur les stagiaires dans les programmes des &hellip; La suite &rarr;\" \/>\n<meta property=\"og:url\" content=\"http:\/\/www.verts-vd.ch\/jeunesverts\/2015\/08\/20\/moins-de-coups-de-gueule-et-plus-de-travail-de-fond\/\" \/>\n<meta property=\"og:site_name\" content=\"Jeunes Vert\u00b7e\u00b7s Vaudois\u00b7e\u00b7s\" \/>\n<meta property=\"article:published_time\" content=\"2015-08-20T08:00:22+00:00\" \/>\n<meta property=\"article:modified_time\" content=\"2015-08-20T10:14:18+00:00\" \/>\n<meta property=\"og:image\" content=\"https:\/\/www.verts-vd.ch\/jeunesverts\/files\/2015\/08\/stages_pay_your_interns.jpg\" \/>\n\t<meta property=\"og:image:width\" content=\"1300\" \/>\n\t<meta property=\"og:image:height\" content=\"500\" \/>\n<meta name=\"twitter:card\" content=\"summary_large_image\" \/>\n<meta name=\"twitter:label1\" content=\"Dur\u00e9e de lecture est.\">\n\t<meta name=\"twitter:data1\" content=\"1 minute\">\n<script type=\"application\/ld+json\" class=\"yoast-schema-graph\">{\"@context\":\"https:\/\/schema.org\",\"@graph\":[{\"@type\":\"WebSite\",\"@id\":\"http:\/\/www.verts-vd.ch\/jeunesverts\/#website\",\"url\":\"http:\/\/www.verts-vd.ch\/jeunesverts\/\",\"name\":\"Jeunes Vert\\u00b7e\\u00b7s Vaudois\\u00b7e\\u00b7s\",\"description\":\"\",\"potentialAction\":[{\"@type\":\"SearchAction\",\"target\":\"http:\/\/www.verts-vd.ch\/jeunesverts\/?s={search_term_string}\",\"query-input\":\"required name=search_term_string\"}],\"inLanguage\":\"fr-FR\"},{\"@type\":\"ImageObject\",\"@id\":\"http:\/\/www.verts-vd.ch\/jeunesverts\/2015\/08\/20\/moins-de-coups-de-gueule-et-plus-de-travail-de-fond\/#primaryimage\",\"inLanguage\":\"fr-FR\",\"url\":\"https:\/\/www.verts-vd.ch\/jeunesverts\/files\/2015\/08\/stages_pay_your_interns.jpg\",\"width\":1300,\"height\":500},{\"@type\":\"WebPage\",\"@id\":\"http:\/\/www.verts-vd.ch\/jeunesverts\/2015\/08\/20\/moins-de-coups-de-gueule-et-plus-de-travail-de-fond\/#webpage\",\"url\":\"http:\/\/www.verts-vd.ch\/jeunesverts\/2015\/08\/20\/moins-de-coups-de-gueule-et-plus-de-travail-de-fond\/\",\"name\":\"Moins de coups de gueule et plus de travail de fond... - Jeunes Vert\\u00b7e\\u00b7s Vaudois\\u00b7e\\u00b7s\",\"isPartOf\":{\"@id\":\"http:\/\/www.verts-vd.ch\/jeunesverts\/#website\"},\"primaryImageOfPage\":{\"@id\":\"http:\/\/www.verts-vd.ch\/jeunesverts\/2015\/08\/20\/moins-de-coups-de-gueule-et-plus-de-travail-de-fond\/#primaryimage\"},\"datePublished\":\"2015-08-20T08:00:22+00:00\",\"dateModified\":\"2015-08-20T10:14:18+00:00\",\"author\":{\"@id\":\"http:\/\/www.verts-vd.ch\/jeunesverts\/#\/schema\/person\/2c06974a2df43125c8e281715d05677e\"},\"inLanguage\":\"fr-FR\",\"potentialAction\":[{\"@type\":\"ReadAction\",\"target\":[\"http:\/\/www.verts-vd.ch\/jeunesverts\/2015\/08\/20\/moins-de-coups-de-gueule-et-plus-de-travail-de-fond\/\"]}]},{\"@type\":\"Person\",\"@id\":\"http:\/\/www.verts-vd.ch\/jeunesverts\/#\/schema\/person\/2c06974a2df43125c8e281715d05677e\",\"name\":\"test\",\"image\":{\"@type\":\"ImageObject\",\"@id\":\"http:\/\/www.verts-vd.ch\/jeunesverts\/#personlogo\",\"inLanguage\":\"fr-FR\",\"url\":\"https:\/\/secure.gravatar.com\/avatar\/f7f1ee342eb37c629dd2b8a733aa89d0?s=96&d=mm&r=g\",\"caption\":\"test\"}}]}<\/script>\n<!-- \/ Yoast SEO plugin. -->","jetpack_shortlink":"https:\/\/wp.me\/p6KFv1-2j","_links":{"self":[{"href":"https:\/\/www.verts-vd.ch\/jeunesverts\/wp-json\/wp\/v2\/posts\/143"}],"collection":[{"href":"https:\/\/www.verts-vd.ch\/jeunesverts\/wp-json\/wp\/v2\/posts"}],"about":[{"href":"https:\/\/www.verts-vd.ch\/jeunesverts\/wp-json\/wp\/v2\/types\/post"}],"author":[{"embeddable":true,"href":"https:\/\/www.verts-vd.ch\/jeunesverts\/wp-json\/wp\/v2\/users\/90"}],"replies":[{"embeddable":true,"href":"https:\/\/www.verts-vd.ch\/jeunesverts\/wp-json\/wp\/v2\/comments?post=143"}],"version-history":[{"count":2,"href":"https:\/\/www.verts-vd.ch\/jeunesverts\/wp-json\/wp\/v2\/posts\/143\/revisions"}],"predecessor-version":[{"id":149,"href":"https:\/\/www.verts-vd.ch\/jeunesverts\/wp-json\/wp\/v2\/posts\/143\/revisions\/149"}],"wp:featuredmedia":[{"embeddable":true,"href":"https:\/\/www.verts-vd.ch\/jeunesverts\/wp-json\/wp\/v2\/media\/146"}],"wp:attachment":[{"href":"https:\/\/www.verts-vd.ch\/jeunesverts\/wp-json\/wp\/v2\/media?parent=143"}],"wp:term":[{"taxonomy":"category","embeddable":true,"href":"https:\/\/www.verts-vd.ch\/jeunesverts\/wp-json\/wp\/v2\/categories?post=143"},{"taxonomy":"post_tag","embeddable":true,"href":"https:\/\/www.verts-vd.ch\/jeunesverts\/wp-json\/wp\/v2\/tags?post=143"}],"curies":[{"name":"wp","href":"https:\/\/api.w.org\/{rel}","templated":true}]}}